

{"id":886,"date":"2019-06-03T21:15:47","date_gmt":"2019-06-03T19:15:47","guid":{"rendered":"http:\/\/www.pastoralefamiliare.arcidiocesi.palermo.it\/wordpress\/?p=886"},"modified":"2019-06-03T21:15:47","modified_gmt":"2019-06-03T19:15:47","slug":"rinnovo-impegni-s-maria-di-cana","status":"publish","type":"post","link":"https:\/\/pastoralefamiliare.chiesadipalermo.it\/wordpress6\/2019\/06\/03\/rinnovo-impegni-s-maria-di-cana\/","title":{"rendered":"RINNOVO IMPEGNI S. MARIA DI CANA"},"content":{"rendered":"<p class=\"MsoNormal\">Domenica 9 giugno il gruppo dei separati che segue il percorso \u201cS. Maria di Cana\u201d ha rinnovato gli impegni del Matrimonio in Cattedrale alla presenza dell\u2019Arcivescovo che ha impartito la sua paterna benedizione.<\/p>\n<p class=\"MsoNormal\">Secondo Maria Pia Campanella il Rinnovo alla presenza di Don Corrado \u00e9 stato un momento molto significativo. La giornata \u00e8 stata intensa e gioiosa anche nel dopo pranzo quando si \u00e8 lasciato spazio alla condivisione e alle proposte per il prossimo anno.<\/p>\n","protected":false},"excerpt":{"rendered":"<p>Domenica 9 giugno il gruppo dei separati che segue il percorso \u201cS. Maria di Cana\u201d ha rinnovato gli impegni del Matrimonio in Cattedrale alla presenza dell\u2019Arcivescovo che ha impartito la [&hellip;]<\/p>\n","protected":false},"author":1,"featured_media":914,"comment_status":"open","ping_status":"open","sticky":false,"template":"","format":"standard","meta":{"footnotes":""},"categories":[2],"tags":[],"class_list":["post-886","post","type-post","status-publish","format-standard","has-post-thumbnail","hentry","category-comunicazioni"],"_links":{"self":[{"href":"https:\/\/pastoralefamiliare.chiesadipalermo.it\/wordpress6\/wp-json\/wp\/v2\/posts\/886","targetHints":{"allow":["GET"]}}],"collection":[{"href":"https:\/\/pastoralefamiliare.chiesadipalermo.it\/wordpress6\/wp-json\/wp\/v2\/posts"}],"about":[{"href":"https:\/\/pastoralefamiliare.chiesadipalermo.it\/wordpress6\/wp-json\/wp\/v2\/types\/post"}],"author":[{"embeddable":true,"href":"https:\/\/pastoralefamiliare.chiesadipalermo.it\/wordpress6\/wp-json\/wp\/v2\/users\/1"}],"replies":[{"embeddable":true,"href":"https:\/\/pastoralefamiliare.chiesadipalermo.it\/wordpress6\/wp-json\/wp\/v2\/comments?post=886"}],"version-history":[{"count":0,"href":"https:\/\/pastoralefamiliare.chiesadipalermo.it\/wordpress6\/wp-json\/wp\/v2\/posts\/886\/revisions"}],"wp:featuredmedia":[{"embeddable":true,"href":"https:\/\/pastoralefamiliare.chiesadipalermo.it\/wordpress6\/wp-json\/wp\/v2\/media\/914"}],"wp:attachment":[{"href":"https:\/\/pastoralefamiliare.chiesadipalermo.it\/wordpress6\/wp-json\/wp\/v2\/media?parent=886"}],"wp:term":[{"taxonomy":"category","embeddable":true,"href":"https:\/\/pastoralefamiliare.chiesadipalermo.it\/wordpress6\/wp-json\/wp\/v2\/categories?post=886"},{"taxonomy":"post_tag","embeddable":true,"href":"https:\/\/pastoralefamiliare.chiesadipalermo.it\/wordpress6\/wp-json\/wp\/v2\/tags?post=886"}],"curies":[{"name":"wp","href":"https:\/\/api.w.org\/{rel}","templated":true}]}}