

{"id":5616,"date":"2025-11-06T17:53:00","date_gmt":"2025-11-06T16:53:00","guid":{"rendered":"https:\/\/pastoralefamiliare.chiesadipalermo.it\/wordpress6\/?p=5616"},"modified":"2026-04-22T09:41:54","modified_gmt":"2026-04-22T07:41:54","slug":"dalla-promessa-alla-vita","status":"publish","type":"post","link":"https:\/\/pastoralefamiliare.chiesadipalermo.it\/wordpress6\/2025\/11\/06\/dalla-promessa-alla-vita\/","title":{"rendered":"dalla PROMESSA alla VITA"},"content":{"rendered":"\n<p>Cari amici, con piacere annunciamo l&#8217;evento &#8220;Dalla Promessa alla Vita&#8221;, che \u00e8 una novit\u00e0 per l&#8217;ufficio di pastorale familiare: VENERD\u00cc 28 NOVEMBRE l&#8217;arcivescovo incontra e benedice i neo sposi dell&#8217;anno scorso e in corso, un &#8216;occasione per camminare insieme. All&#8217;interno della locandina il QR code per l&#8217;iscrizione.\u00a0A\u00a0presto<\/p>\n\n\n\n<p><\/p>\n","protected":false},"excerpt":{"rendered":"<p>Cari amici, con piacere annunciamo l&#8217;evento &#8220;Dalla Promessa alla Vita&#8221;, che \u00e8 una novit\u00e0 per l&#8217;ufficio di pastorale familiare: VENERD\u00cc 28 NOVEMBRE l&#8217;arcivescovo incontra e benedice i neo sposi dell&#8217;anno [&hellip;]<\/p>\n","protected":false},"author":3,"featured_media":5617,"comment_status":"open","ping_status":"open","sticky":false,"template":"","format":"standard","meta":{"footnotes":""},"categories":[2],"tags":[],"class_list":["post-5616","post","type-post","status-publish","format-standard","has-post-thumbnail","hentry","category-comunicazioni"],"_links":{"self":[{"href":"https:\/\/pastoralefamiliare.chiesadipalermo.it\/wordpress6\/wp-json\/wp\/v2\/posts\/5616","targetHints":{"allow":["GET"]}}],"collection":[{"href":"https:\/\/pastoralefamiliare.chiesadipalermo.it\/wordpress6\/wp-json\/wp\/v2\/posts"}],"about":[{"href":"https:\/\/pastoralefamiliare.chiesadipalermo.it\/wordpress6\/wp-json\/wp\/v2\/types\/post"}],"author":[{"embeddable":true,"href":"https:\/\/pastoralefamiliare.chiesadipalermo.it\/wordpress6\/wp-json\/wp\/v2\/users\/3"}],"replies":[{"embeddable":true,"href":"https:\/\/pastoralefamiliare.chiesadipalermo.it\/wordpress6\/wp-json\/wp\/v2\/comments?post=5616"}],"version-history":[{"count":1,"href":"https:\/\/pastoralefamiliare.chiesadipalermo.it\/wordpress6\/wp-json\/wp\/v2\/posts\/5616\/revisions"}],"predecessor-version":[{"id":5620,"href":"https:\/\/pastoralefamiliare.chiesadipalermo.it\/wordpress6\/wp-json\/wp\/v2\/posts\/5616\/revisions\/5620"}],"wp:featuredmedia":[{"embeddable":true,"href":"https:\/\/pastoralefamiliare.chiesadipalermo.it\/wordpress6\/wp-json\/wp\/v2\/media\/5617"}],"wp:attachment":[{"href":"https:\/\/pastoralefamiliare.chiesadipalermo.it\/wordpress6\/wp-json\/wp\/v2\/media?parent=5616"}],"wp:term":[{"taxonomy":"category","embeddable":true,"href":"https:\/\/pastoralefamiliare.chiesadipalermo.it\/wordpress6\/wp-json\/wp\/v2\/categories?post=5616"},{"taxonomy":"post_tag","embeddable":true,"href":"https:\/\/pastoralefamiliare.chiesadipalermo.it\/wordpress6\/wp-json\/wp\/v2\/tags?post=5616"}],"curies":[{"name":"wp","href":"https:\/\/api.w.org\/{rel}","templated":true}]}}