

{"id":1568,"date":"2020-10-17T09:23:40","date_gmt":"2020-10-17T07:23:40","guid":{"rendered":"http:\/\/www.pastoralefamiliare.arcidiocesi.palermo.it\/?p=1568"},"modified":"2020-10-17T09:23:40","modified_gmt":"2020-10-17T07:23:40","slug":"nuove-modalita-incontro-vescovo-nubendi","status":"publish","type":"post","link":"https:\/\/pastoralefamiliare.chiesadipalermo.it\/wordpress6\/2020\/10\/17\/nuove-modalita-incontro-vescovo-nubendi\/","title":{"rendered":"NUOVE MODALITA&#8217; INCONTRO VESCOVO-NUBENDI"},"content":{"rendered":"<p>A seguito dell&#8217;emergenza sanitaria in atto, l&#8217;ufficio di pastorale familiare diocesana in accordo con il nostro arcivescovo S. E. mons. Corrado Lorefice dispone le seguenti nuove modalit\u00e0 per lo svolgimento dell&#8217;incontro in Cattedrale coi nubendi:<\/p>\n<ul>\n<li>\u00e8 obbligatoria l&#8217;iscrizione all&#8217;evento &#8211; da effettuarsi almeno una settimana prima &#8211; attraverso una mail a <strong>pastoralefamiliare@diocesipa.it<\/strong> oppure con un messaggio ai direttori dell&#8217;ufficio (Antonella e Giovanni Pillitteri con don Alerio Montalbano);<\/li>\n<li>l&#8217;incontro \u00e8 a numero chiuso, per cui l&#8217;ufficio si riserva di accettare o meno le richieste pervenute in base alle iscrizioni precedentemente giunte;<\/li>\n<li>il parroco &#8211; oppure l&#8217;operatore pastorale delegato &#8211; avr\u00e0 cura di stampare e distribuire anticipatamente ai nubendi l&#8217;autodichiarazione no-covid che dovr\u00e0 essere esibita all&#8217;ingresso della Chiesa Cattedrale, senza la quale sar\u00e0 impedito l&#8217;accesso. Ecco il link per il download: <a href=\"http:\/\/pastoralefamiliare.arcidiocesi.palermo.it\/wordpress6\/wp-content\/uploads\/2020\/10\/Dich.respons.Vescovo-Nubendi-1.pdf\" target=\"_blank\" rel=\"noopener\">Aut. nubendi No-covid<\/a>;<\/li>\n<li>all&#8217;arrivo in Cattedrale (unico varco accessibile dal piazzale di Corso Vittorio Emanuele) verr\u00e0 misurata la temperatura e sar\u00e0 assegnata alla coppia di nubendi un posto con il relativo distanziamento dagli altri partecipanti;<\/li>\n<li>sono momentaneamente sospesi il buffet conclusivo e la consegna del segno al termine della serata, per cui ci nutriremo della parola e della benedizione dell&#8217;Arcivescovo;<\/li>\n<li>i libretti cartacei per seguire la celebrazione saranno sostituiti con una versione digitale fruibile dal sito pastoralefamiliare.arcidiocesi.palermo.it<\/li>\n<\/ul>\n<p>Ricordiamo infine le date degli incontri:<\/p>\n<ul>\n<li>venerd\u00ec 15 gennaio,<\/li>\n<li>gioved\u00ec 4 febbraio,<\/li>\n<li>venerd\u00ec 5 marzo,<\/li>\n<li>venerd\u00ec 7 maggio.<\/li>\n<\/ul>\n<p>Vi aspettiamo!<\/p>\n","protected":false},"excerpt":{"rendered":"<p>A seguito dell&#8217;emergenza sanitaria in atto, l&#8217;ufficio di pastorale familiare diocesana in accordo con il nostro arcivescovo S. E. mons. Corrado Lorefice dispone le seguenti nuove modalit\u00e0 per lo svolgimento [&hellip;]<\/p>\n","protected":false},"author":1,"featured_media":1569,"comment_status":"open","ping_status":"open","sticky":false,"template":"","format":"standard","meta":{"footnotes":""},"categories":[2],"tags":[],"class_list":["post-1568","post","type-post","status-publish","format-standard","has-post-thumbnail","hentry","category-comunicazioni"],"_links":{"self":[{"href":"https:\/\/pastoralefamiliare.chiesadipalermo.it\/wordpress6\/wp-json\/wp\/v2\/posts\/1568","targetHints":{"allow":["GET"]}}],"collection":[{"href":"https:\/\/pastoralefamiliare.chiesadipalermo.it\/wordpress6\/wp-json\/wp\/v2\/posts"}],"about":[{"href":"https:\/\/pastoralefamiliare.chiesadipalermo.it\/wordpress6\/wp-json\/wp\/v2\/types\/post"}],"author":[{"embeddable":true,"href":"https:\/\/pastoralefamiliare.chiesadipalermo.it\/wordpress6\/wp-json\/wp\/v2\/users\/1"}],"replies":[{"embeddable":true,"href":"https:\/\/pastoralefamiliare.chiesadipalermo.it\/wordpress6\/wp-json\/wp\/v2\/comments?post=1568"}],"version-history":[{"count":0,"href":"https:\/\/pastoralefamiliare.chiesadipalermo.it\/wordpress6\/wp-json\/wp\/v2\/posts\/1568\/revisions"}],"wp:featuredmedia":[{"embeddable":true,"href":"https:\/\/pastoralefamiliare.chiesadipalermo.it\/wordpress6\/wp-json\/wp\/v2\/media\/1569"}],"wp:attachment":[{"href":"https:\/\/pastoralefamiliare.chiesadipalermo.it\/wordpress6\/wp-json\/wp\/v2\/media?parent=1568"}],"wp:term":[{"taxonomy":"category","embeddable":true,"href":"https:\/\/pastoralefamiliare.chiesadipalermo.it\/wordpress6\/wp-json\/wp\/v2\/categories?post=1568"},{"taxonomy":"post_tag","embeddable":true,"href":"https:\/\/pastoralefamiliare.chiesadipalermo.it\/wordpress6\/wp-json\/wp\/v2\/tags?post=1568"}],"curies":[{"name":"wp","href":"https:\/\/api.w.org\/{rel}","templated":true}]}}